{"id":9472,"date":"2026-02-20T12:33:54","date_gmt":"2026-02-20T11:33:54","guid":{"rendered":"https:\/\/www.paroissesaintgilles.be\/?p=9472"},"modified":"2026-03-09T12:19:12","modified_gmt":"2026-03-09T11:19:12","slug":"le-careme-mode-demploi-arretez-de-courir-arretez-de-parler-taisez-vous","status":"publish","type":"post","link":"https:\/\/www.paroissesaintgilles.be\/?p=9472","title":{"rendered":"le Car\u00eame, MODE D&rsquo;EMPLOI:  Arretez de courir ,  arretez de parler. TAISEZ-VOUS!"},"content":{"rendered":"<p><strong>Compl\u00e8tement d\u00e9connect\u00e9s<\/strong><\/p>\n<p>Perdu entre les vacances des enfants,de leurs cong\u00e9s (de plus en plus nombreux,),\u00a0 les courses \u00e0 faire et les rendez-vous chez le toubib.. et la sauce sur le feu&#8230;\u00a0 Sans s&rsquo;en rendre compte, on perd on perd la connexion avec Celui qui-disons nous-,est\u00a0 le centre notre vie. On perd le contact&#8230; :\u00a0 \u00ab\u00a0On n&rsquo;y pense plus, simplement on n&rsquo;a as le temps&#8230; Ou, plus subtilement \u00ab\u00a0Moi, ces choses-l\u00e0, vous savez&#8230;\u00a0\u00bb<\/p>\n<p><strong>Les bienfaits de l&rsquo;ancien rthme scolaire\u00a0 :\u00a0 <\/strong>Mais voici qe\u00a0 la TV,\u00a0 diffuse sur toutes les cha\u00eenes des reportages sur le carnaval ,\u00e0 Rio, Nice Binche et Eupen,.. etc. Et sans \u00eatre f\u00e9rus de cat\u00e9chisme, beaucoup d&rsquo;entre nous se ouviennent qu&rsquo;au le mardi gras\u00a0 succ\u00e8de\u00a0 \u00a0le mercredi des cendres et quelques 40 jours plus tard, les vacances de &#8230; P\u00e2ques !<\/p>\n<p><strong>Quarante ; un nombre particuler : <\/strong>\u00a0Dans de nombreuses cultures et dans la Bible, 40 est le nombre de la pr\u00e9paration \u00e0 une nouvelle mission: P\u00e9riode d&rsquo;introspection et de m\u00e2turation, de solitude pour r\u00e9fl\u00e9chir<\/p>\n<p>Comme J\u00e9sus qui passe 40 jours au d\u00e9sert avant de se lancer dans sa vie \u00ab\u00a0publique\u00a0\u00bb de pr\u00e9dication et d&rsquo;annonce de la bonne nouvelle.40 ann\u00e9es sont aussi la longue et rude travers\u00e9e du d\u00e9sert de Moise et du pepeuple h\u00e9breux, entre l&rsquo;esclavage en Egypte et la terre promise par Dieu comme peuple libre.<\/p>\n<p>Pour nous aussi, 40 jours, c&rsquo;est une p\u00e9riode rude et solitaire, pendant laquelle on se pr\u00e9pare \u00e0 la libert\u00e9 heureuse du peuple des enfants de Dieu. Quarante jours\u00a0 avant P\u00e2ques :\u00a0 l&rsquo;occasion\u00a0 \u00a0de nous mettre\u00a0 ralenti, de pousser sur la touche \u00ab\u00a0pause\u00a0\u00bb\u00a0 reprendre contact avec ce Dieu-papa qui, le fatras de nos vies et de nos \u00e9motions, D<em>ieu\u00a0 pose sur nous un regard de tendresse et ne nous quitte pas des yeux.\u00a0 \u00a0<\/em> Mais quand\u00a0 on s&rsquo;est perdus de vue depuis longtemps,\u00a0 quand le coeur est vide et la pri\u00e8re aride;\u00a0 quand les offices semblent nous passer au-dessus de la t\u00eate,..\u00a0 \u00a0reste la pri\u00e8re de Mo\u00efse, accesible aux plus pauvres d\u00e9butants ainsi qu&rsquo;aux \u00ab\u00a0pros\u00a0\u00bb\u00a0 de la pri\u00e8re\u00b9<\/p>\n<p><span style=\"color: #ff0000;\"><em><span style=\"font-size: 1rem;\">\u00ab\u00a0Moise <\/span>faisait pa\u00eetre le troupeau de J\u00e9thro, de Madian. Il mena le troupeau au-del\u00e0 du d\u00e9sert et arriva \u00e0 la montagne de Dieu<span style=\"font-size: 1rem;\">\u00a0\u00e0 Horeb.<\/span><\/em><\/span><\/p>\n<p><span style=\"color: #ff0000;\"><em><sup class=\"versenum\">\u00a0<\/sup>L&rsquo;ange de l&rsquo;\u00c9ternel lui apparut dans une flamme de feu, au milieu d&rsquo;un buisson. Mo\u00efse regarda; et voici, le buisson \u00e9tait tout en feu, et le buisson ne se consumait point.<\/em><\/span><\/p>\n<p><span style=\"color: #ff0000;\"><em>Mo\u00efse dit :<\/em><\/span><br \/>\n<span style=\"color: #ff0000;\"><em>\u2014 \u00ab\u00a0Je vais faire un d\u00e9tour et examiner cette grande vision, pourquoi le buisson ne se consume pas.\u00a0\u00bb<\/em><\/span><\/p>\n<p><span style=\"color: #ff0000;\"><em>YHWH vit qu\u2019il faisait un d\u00e9tour pour regarder, l\u2019appela du milieu du buisson et dit :<strong><br \/>\n\u2014 \u00ab\u00a0<\/strong>Mo\u00efse ! Mo\u00efse ! \u00ab\u00a0<\/em><\/span><\/p>\n<p><span style=\"color: #ff0000;\"><em>Il r\u00e9pondit :<\/em><\/span><br \/>\n<span style=\"color: #ff0000;\"><em>\u2014 \u00ab\u00a0Me voici.\u00a0\u00bb<\/em><\/span><\/p>\n<p><span style=\"color: #ff0000;\"><em>Dieu dit :<\/em><\/span><br \/>\n<span style=\"color: #ff0000;\"><em>\u2014 N<span style=\"text-decoration: underline;\">\u2019approche pas d\u2019ici ,ne bouge plus, <\/span>\u00a0<span style=\"text-decoration: underline;\">\u00f4te tes sandales de tes pieds<\/span> car le lieu sur lequel tu te tiens est une terre sainte.<\/em><\/span><em><span id=\"fr-LSG-1586\" class=\"text Exod-3-6\" style=\"color: #ff0000;\">Et il ajouta: Je suis le Dieu de ton p\u00e8re, le Dieu d&rsquo;Abraham, le Dieu d&rsquo;Isaac et le Dieu de Jacob. Mo\u00efse se cacha le visage, car il craignait de regarder Dieu.<\/span><\/em><em><span style=\"color: #ff0000;\"><span id=\"fr-LSG-1587\" class=\"text Exod-3-7\">J&rsquo;ai vu la souffrance de mon peuple qui est en \u00c9gypte, et j&rsquo;ai entendu les cris que lui font pousser ses oppresseurs, car je connais ses douleurs.<\/span><span id=\"fr-LSG-1588\" class=\"text Exod-3-8\">Je suis descendu pour le d\u00e9livrer de la main des \u00c9gyptiens,\u00a0<\/span><\/span><\/em><\/p>\n<p class=\"verse\"><span style=\"color: #ff0000;\"><em>Moi, je suis venu pour que les humains aient la vie et l&rsquo;aient en abondance.<\/em><\/span><span style=\"color: #ff0000;\"><em>! \u00b2 .<\/em><\/span><\/p>\n<p><span style=\"color: #ff0000;\">\u00b9 livre de l&rsquo;exode, 3<\/span><\/p>\n<p><span style=\"color: #ff0000;\">\u00b2<em>Jn 10,10<\/em><\/span><\/p>\n<p><a href=\"http:\/\/www.paroissesaintgilles.be\/wp-content\/uploads\/2026\/01\/CAREM-2026-2.bmp\"><img loading=\"lazy\" decoding=\"async\" class=\"wp-image-9525 alignnone\" src=\"http:\/\/www.paroissesaintgilles.be\/wp-content\/uploads\/2026\/01\/CAREM-2026-2.bmp\" alt=\"\" width=\"714\" height=\"438\" \/><\/a><\/p>\n<h2><span style=\"color: #000000;\">N&rsquo;aie pas peur, Ne bouge pas, tais-toi et laisse-toi regarder&#8230;<\/span><\/h2>\n<p><a href=\"http:\/\/www.paroissesaintgilles.be\/wp-content\/uploads\/2026\/01\/fevrier-2026-1calendrier-ucalendrier2026-4.pdf\">calendrier car\u00eame 2026<\/a><\/p>\n","protected":false},"excerpt":{"rendered":"<p>Compl\u00e8tement d\u00e9connect\u00e9s Perdu entre les vacances des enfants,de leurs cong\u00e9s (de plus en plus nombreux,),\u00a0 les courses \u00e0 faire et les rendez-vous chez le toubib.. et la sauce sur le &hellip; <\/p>\n<p class=\"link-more\"><a href=\"https:\/\/www.paroissesaintgilles.be\/?p=9472\" class=\"more-link\">Continuer la lecture<span class=\"screen-reader-text\"> de &laquo;&nbsp;le Car\u00eame, MODE D&rsquo;EMPLOI:  Arretez de courir ,  arretez de parler. TAISEZ-VOUS!&nbsp;&raquo;<\/span><\/a><\/p>\n","protected":false},"author":1,"featured_media":9478,"comment_status":"closed","ping_status":"closed","sticky":false,"template":"","format":"standard","meta":{"_crdt_document":"","footnotes":""},"categories":[11],"tags":[],"class_list":["post-9472","post","type-post","status-publish","format-standard","has-post-thumbnail","hentry","category-faire-vivre-sa-foi"],"_links":{"self":[{"href":"https:\/\/www.paroissesaintgilles.be\/index.php?rest_route=\/wp\/v2\/posts\/9472","targetHints":{"allow":["GET"]}}],"collection":[{"href":"https:\/\/www.paroissesaintgilles.be\/index.php?rest_route=\/wp\/v2\/posts"}],"about":[{"href":"https:\/\/www.paroissesaintgilles.be\/index.php?rest_route=\/wp\/v2\/types\/post"}],"author":[{"embeddable":true,"href":"https:\/\/www.paroissesaintgilles.be\/index.php?rest_route=\/wp\/v2\/users\/1"}],"replies":[{"embeddable":true,"href":"https:\/\/www.paroissesaintgilles.be\/index.php?rest_route=%2Fwp%2Fv2%2Fcomments&post=9472"}],"version-history":[{"count":23,"href":"https:\/\/www.paroissesaintgilles.be\/index.php?rest_route=\/wp\/v2\/posts\/9472\/revisions"}],"predecessor-version":[{"id":9589,"href":"https:\/\/www.paroissesaintgilles.be\/index.php?rest_route=\/wp\/v2\/posts\/9472\/revisions\/9589"}],"wp:featuredmedia":[{"embeddable":true,"href":"https:\/\/www.paroissesaintgilles.be\/index.php?rest_route=\/wp\/v2\/media\/9478"}],"wp:attachment":[{"href":"https:\/\/www.paroissesaintgilles.be\/index.php?rest_route=%2Fwp%2Fv2%2Fmedia&parent=9472"}],"wp:term":[{"taxonomy":"category","embeddable":true,"href":"https:\/\/www.paroissesaintgilles.be\/index.php?rest_route=%2Fwp%2Fv2%2Fcategories&post=9472"},{"taxonomy":"post_tag","embeddable":true,"href":"https:\/\/www.paroissesaintgilles.be\/index.php?rest_route=%2Fwp%2Fv2%2Ftags&post=9472"}],"curies":[{"name":"wp","href":"https:\/\/api.w.org\/{rel}","templated":true}]}}