{"id":8843,"date":"2025-06-15T19:27:05","date_gmt":"2025-06-15T17:27:05","guid":{"rendered":"https:\/\/www.paroissesaintgilles.be\/?p=8843"},"modified":"2025-10-12T18:31:25","modified_gmt":"2025-10-12T16:31:25","slug":"au-revoir-jean-laude","status":"publish","type":"post","link":"https:\/\/www.paroissesaintgilles.be\/?p=8843","title":{"rendered":"Au revoir, Jean Claude !"},"content":{"rendered":"<p>&nbsp;<\/p>\n<p>Notre vicaire s&rsquo;en va &#8230;\u00a0 pour \u00eatre vicaire \u00e0 Aywaille!<\/p>\n<p>Ce dimanche 15 juin, au cours d&rsquo;une messe en unit\u00e9 pastorale, les paroissiens lui ont dit au-revoir.\u00a0 Mais surtout :\u00a0 Merci Jean Claude, pour tes belles hom\u00e9lies, ton humour, ta gentillesse et ton int\u00e9r\u00eat pour chacun&#8230; et ta volont\u00e9 d&rsquo;apprendre le patois du coin!<\/p>\n<p>Merci et \u00e0 bient\u00f4t! car il a promis de \u00ab\u00a0passer nous dire bonjour\u00a0\u00bb.!<\/p>\n<p>Et comme chez les gaulois, tout s&rsquo;est termin\u00e9 par un petit banquet de sandwiches au fond de l&rsquo;\u00e9glise\u00a0 et une\u00a0 chanson, in\u00e9dite, compos\u00e9e par Yolande !<\/p>\n<p>&nbsp;<\/p>\n<p><a href=\"http:\/\/www.paroissesaintgilles.be\/wp-content\/uploads\/2025\/06\/chanson-jc-e1750087660852.jpg\"><img loading=\"lazy\" decoding=\"async\" class=\"alignnone wp-image-8892 size-full\" src=\"http:\/\/www.paroissesaintgilles.be\/wp-content\/uploads\/2025\/06\/chanson-jc-e1750087660852.jpg\" alt=\"\" width=\"1593\" height=\"1105\" srcset=\"https:\/\/www.paroissesaintgilles.be\/wp-content\/uploads\/2025\/06\/chanson-jc-e1750087660852.jpg 1593w, https:\/\/www.paroissesaintgilles.be\/wp-content\/uploads\/2025\/06\/chanson-jc-e1750087660852-300x208.jpg 300w, https:\/\/www.paroissesaintgilles.be\/wp-content\/uploads\/2025\/06\/chanson-jc-e1750087660852-1024x710.jpg 1024w, https:\/\/www.paroissesaintgilles.be\/wp-content\/uploads\/2025\/06\/chanson-jc-e1750087660852-768x533.jpg 768w, https:\/\/www.paroissesaintgilles.be\/wp-content\/uploads\/2025\/06\/chanson-jc-e1750087660852-1536x1065.jpg 1536w\" sizes=\"auto, (max-width: 767px) 89vw, (max-width: 1000px) 54vw, (max-width: 1071px) 543px, 580px\" \/><\/a><\/p>\n<div id='gallery-1' class='gallery galleryid-8843 gallery-columns-4 gallery-size-large'><figure class='gallery-item'>\n\t\t\t<div class='gallery-icon landscape'>\n\t\t\t\t<a href='https:\/\/www.paroissesaintgilles.be\/?attachment_id=8874'><img loading=\"lazy\" decoding=\"async\" width=\"525\" height=\"394\" src=\"https:\/\/www.paroissesaintgilles.be\/wp-content\/uploads\/2025\/06\/DSC03189-1024x768.jpg\" class=\"attachment-large size-large\" alt=\"\" srcset=\"https:\/\/www.paroissesaintgilles.be\/wp-content\/uploads\/2025\/06\/DSC03189-1024x768.jpg 1024w, https:\/\/www.paroissesaintgilles.be\/wp-content\/uploads\/2025\/06\/DSC03189-300x225.jpg 300w, https:\/\/www.paroissesaintgilles.be\/wp-content\/uploads\/2025\/06\/DSC03189-768x576.jpg 768w, https:\/\/www.paroissesaintgilles.be\/wp-content\/uploads\/2025\/06\/DSC03189-1536x1152.jpg 1536w, https:\/\/www.paroissesaintgilles.be\/wp-content\/uploads\/2025\/06\/DSC03189-2048x1536.jpg 2048w\" sizes=\"auto, 100vw\" \/><\/a>\n\t\t\t<\/div><\/figure><figure class='gallery-item'>\n\t\t\t<div class='gallery-icon landscape'>\n\t\t\t\t<a href='https:\/\/www.paroissesaintgilles.be\/?attachment_id=8880'><img loading=\"lazy\" decoding=\"async\" width=\"525\" height=\"394\" src=\"https:\/\/www.paroissesaintgilles.be\/wp-content\/uploads\/2025\/06\/DSC03195-1-1024x768.jpg\" class=\"attachment-large size-large\" alt=\"\" srcset=\"https:\/\/www.paroissesaintgilles.be\/wp-content\/uploads\/2025\/06\/DSC03195-1-1024x768.jpg 1024w, https:\/\/www.paroissesaintgilles.be\/wp-content\/uploads\/2025\/06\/DSC03195-1-300x225.jpg 300w, https:\/\/www.paroissesaintgilles.be\/wp-content\/uploads\/2025\/06\/DSC03195-1-768x576.jpg 768w, https:\/\/www.paroissesaintgilles.be\/wp-content\/uploads\/2025\/06\/DSC03195-1-1536x1152.jpg 1536w, https:\/\/www.paroissesaintgilles.be\/wp-content\/uploads\/2025\/06\/DSC03195-1-2048x1536.jpg 2048w\" sizes=\"auto, 100vw\" \/><\/a>\n\t\t\t<\/div><\/figure><figure class='gallery-item'>\n\t\t\t<div class='gallery-icon landscape'>\n\t\t\t\t<a href='https:\/\/www.paroissesaintgilles.be\/?attachment_id=8879'><img loading=\"lazy\" decoding=\"async\" width=\"525\" height=\"394\" src=\"https:\/\/www.paroissesaintgilles.be\/wp-content\/uploads\/2025\/06\/DSC03194-1-1024x768.jpg\" class=\"attachment-large size-large\" alt=\"\" srcset=\"https:\/\/www.paroissesaintgilles.be\/wp-content\/uploads\/2025\/06\/DSC03194-1-1024x768.jpg 1024w, https:\/\/www.paroissesaintgilles.be\/wp-content\/uploads\/2025\/06\/DSC03194-1-300x225.jpg 300w, https:\/\/www.paroissesaintgilles.be\/wp-content\/uploads\/2025\/06\/DSC03194-1-768x576.jpg 768w, https:\/\/www.paroissesaintgilles.be\/wp-content\/uploads\/2025\/06\/DSC03194-1-1536x1152.jpg 1536w, https:\/\/www.paroissesaintgilles.be\/wp-content\/uploads\/2025\/06\/DSC03194-1-2048x1536.jpg 2048w\" sizes=\"auto, 100vw\" \/><\/a>\n\t\t\t<\/div><\/figure><figure class='gallery-item'>\n\t\t\t<div class='gallery-icon landscape'>\n\t\t\t\t<a href='https:\/\/www.paroissesaintgilles.be\/?attachment_id=8875'><img loading=\"lazy\" decoding=\"async\" width=\"525\" height=\"394\" src=\"https:\/\/www.paroissesaintgilles.be\/wp-content\/uploads\/2025\/06\/DSC03190-1024x768.jpg\" class=\"attachment-large size-large\" alt=\"\" srcset=\"https:\/\/www.paroissesaintgilles.be\/wp-content\/uploads\/2025\/06\/DSC03190-1024x768.jpg 1024w, https:\/\/www.paroissesaintgilles.be\/wp-content\/uploads\/2025\/06\/DSC03190-300x225.jpg 300w, https:\/\/www.paroissesaintgilles.be\/wp-content\/uploads\/2025\/06\/DSC03190-768x576.jpg 768w, https:\/\/www.paroissesaintgilles.be\/wp-content\/uploads\/2025\/06\/DSC03190-1536x1152.jpg 1536w, https:\/\/www.paroissesaintgilles.be\/wp-content\/uploads\/2025\/06\/DSC03190-2048x1536.jpg 2048w\" sizes=\"auto, 100vw\" \/><\/a>\n\t\t\t<\/div><\/figure><figure class='gallery-item'>\n\t\t\t<div class='gallery-icon landscape'>\n\t\t\t\t<a href='https:\/\/www.paroissesaintgilles.be\/?attachment_id=8876'><img loading=\"lazy\" decoding=\"async\" width=\"525\" height=\"394\" src=\"https:\/\/www.paroissesaintgilles.be\/wp-content\/uploads\/2025\/06\/DSC03191-1024x768.jpg\" class=\"attachment-large size-large\" alt=\"\" srcset=\"https:\/\/www.paroissesaintgilles.be\/wp-content\/uploads\/2025\/06\/DSC03191-1024x768.jpg 1024w, https:\/\/www.paroissesaintgilles.be\/wp-content\/uploads\/2025\/06\/DSC03191-300x225.jpg 300w, https:\/\/www.paroissesaintgilles.be\/wp-content\/uploads\/2025\/06\/DSC03191-768x576.jpg 768w, https:\/\/www.paroissesaintgilles.be\/wp-content\/uploads\/2025\/06\/DSC03191-1536x1152.jpg 1536w, https:\/\/www.paroissesaintgilles.be\/wp-content\/uploads\/2025\/06\/DSC03191-2048x1536.jpg 2048w\" sizes=\"auto, 100vw\" \/><\/a>\n\t\t\t<\/div><\/figure><figure class='gallery-item'>\n\t\t\t<div class='gallery-icon landscape'>\n\t\t\t\t<a href='https:\/\/www.paroissesaintgilles.be\/?attachment_id=8873'><img loading=\"lazy\" decoding=\"async\" width=\"525\" height=\"394\" src=\"https:\/\/www.paroissesaintgilles.be\/wp-content\/uploads\/2025\/06\/DSC03188-1024x768.jpg\" class=\"attachment-large size-large\" alt=\"\" aria-describedby=\"gallery-1-8873\" srcset=\"https:\/\/www.paroissesaintgilles.be\/wp-content\/uploads\/2025\/06\/DSC03188-1024x768.jpg 1024w, https:\/\/www.paroissesaintgilles.be\/wp-content\/uploads\/2025\/06\/DSC03188-300x225.jpg 300w, https:\/\/www.paroissesaintgilles.be\/wp-content\/uploads\/2025\/06\/DSC03188-768x576.jpg 768w, https:\/\/www.paroissesaintgilles.be\/wp-content\/uploads\/2025\/06\/DSC03188-1536x1152.jpg 1536w, https:\/\/www.paroissesaintgilles.be\/wp-content\/uploads\/2025\/06\/DSC03188-2048x1536.jpg 2048w\" sizes=\"auto, 100vw\" \/><\/a>\n\t\t\t<\/div>\n\t\t\t\t<figcaption class='wp-caption-text gallery-caption' id='gallery-1-8873'>\n\t\t\t\tAnne G\n\t\t\t\t<\/figcaption><\/figure><figure class='gallery-item'>\n\t\t\t<div class='gallery-icon landscape'>\n\t\t\t\t<a href='https:\/\/www.paroissesaintgilles.be\/?attachment_id=8872'><img loading=\"lazy\" decoding=\"async\" width=\"525\" height=\"394\" src=\"https:\/\/www.paroissesaintgilles.be\/wp-content\/uploads\/2025\/06\/DSC03187-1024x768.jpg\" class=\"attachment-large size-large\" alt=\"\" aria-describedby=\"gallery-1-8872\" srcset=\"https:\/\/www.paroissesaintgilles.be\/wp-content\/uploads\/2025\/06\/DSC03187-1024x768.jpg 1024w, https:\/\/www.paroissesaintgilles.be\/wp-content\/uploads\/2025\/06\/DSC03187-300x225.jpg 300w, https:\/\/www.paroissesaintgilles.be\/wp-content\/uploads\/2025\/06\/DSC03187-768x576.jpg 768w, https:\/\/www.paroissesaintgilles.be\/wp-content\/uploads\/2025\/06\/DSC03187-1536x1152.jpg 1536w, https:\/\/www.paroissesaintgilles.be\/wp-content\/uploads\/2025\/06\/DSC03187-2048x1536.jpg 2048w\" sizes=\"auto, 100vw\" \/><\/a>\n\t\t\t<\/div>\n\t\t\t\t<figcaption class='wp-caption-text gallery-caption' id='gallery-1-8872'>\n\t\t\t\tArmand\n\t\t\t\t<\/figcaption><\/figure><figure class='gallery-item'>\n\t\t\t<div class='gallery-icon landscape'>\n\t\t\t\t<a href='https:\/\/www.paroissesaintgilles.be\/?attachment_id=8871'><img loading=\"lazy\" decoding=\"async\" width=\"525\" height=\"394\" src=\"https:\/\/www.paroissesaintgilles.be\/wp-content\/uploads\/2025\/06\/DSC03186-1024x768.jpg\" class=\"attachment-large size-large\" alt=\"\" aria-describedby=\"gallery-1-8871\" srcset=\"https:\/\/www.paroissesaintgilles.be\/wp-content\/uploads\/2025\/06\/DSC03186-1024x768.jpg 1024w, https:\/\/www.paroissesaintgilles.be\/wp-content\/uploads\/2025\/06\/DSC03186-300x225.jpg 300w, https:\/\/www.paroissesaintgilles.be\/wp-content\/uploads\/2025\/06\/DSC03186-768x576.jpg 768w, https:\/\/www.paroissesaintgilles.be\/wp-content\/uploads\/2025\/06\/DSC03186-1536x1152.jpg 1536w, https:\/\/www.paroissesaintgilles.be\/wp-content\/uploads\/2025\/06\/DSC03186-2048x1536.jpg 2048w\" sizes=\"auto, 100vw\" \/><\/a>\n\t\t\t<\/div>\n\t\t\t\t<figcaption class='wp-caption-text gallery-caption' id='gallery-1-8871'>\n\t\t\t\tChristine et Monique\n\t\t\t\t<\/figcaption><\/figure><figure class='gallery-item'>\n\t\t\t<div class='gallery-icon landscape'>\n\t\t\t\t<a href='https:\/\/www.paroissesaintgilles.be\/?attachment_id=8870'><img loading=\"lazy\" decoding=\"async\" width=\"525\" height=\"394\" src=\"https:\/\/www.paroissesaintgilles.be\/wp-content\/uploads\/2025\/06\/DSC03185-1024x768.jpg\" class=\"attachment-large size-large\" alt=\"\" aria-describedby=\"gallery-1-8870\" srcset=\"https:\/\/www.paroissesaintgilles.be\/wp-content\/uploads\/2025\/06\/DSC03185-1024x768.jpg 1024w, https:\/\/www.paroissesaintgilles.be\/wp-content\/uploads\/2025\/06\/DSC03185-300x225.jpg 300w, https:\/\/www.paroissesaintgilles.be\/wp-content\/uploads\/2025\/06\/DSC03185-768x576.jpg 768w, https:\/\/www.paroissesaintgilles.be\/wp-content\/uploads\/2025\/06\/DSC03185-1536x1152.jpg 1536w, https:\/\/www.paroissesaintgilles.be\/wp-content\/uploads\/2025\/06\/DSC03185-2048x1536.jpg 2048w\" sizes=\"auto, 100vw\" \/><\/a>\n\t\t\t<\/div>\n\t\t\t\t<figcaption class='wp-caption-text gallery-caption' id='gallery-1-8870'>\n\t\t\t\tla doyenne de la paroisse, Marie Th\u00e9r\u00e8se\n\t\t\t\t<\/figcaption><\/figure><figure class='gallery-item'>\n\t\t\t<div class='gallery-icon landscape'>\n\t\t\t\t<a href='https:\/\/www.paroissesaintgilles.be\/?attachment_id=8865'><img loading=\"lazy\" decoding=\"async\" width=\"525\" height=\"394\" src=\"https:\/\/www.paroissesaintgilles.be\/wp-content\/uploads\/2025\/06\/DSC03179-1024x768.jpg\" class=\"attachment-large size-large\" alt=\"\" aria-describedby=\"gallery-1-8865\" srcset=\"https:\/\/www.paroissesaintgilles.be\/wp-content\/uploads\/2025\/06\/DSC03179-1024x768.jpg 1024w, https:\/\/www.paroissesaintgilles.be\/wp-content\/uploads\/2025\/06\/DSC03179-300x225.jpg 300w, https:\/\/www.paroissesaintgilles.be\/wp-content\/uploads\/2025\/06\/DSC03179-768x576.jpg 768w, https:\/\/www.paroissesaintgilles.be\/wp-content\/uploads\/2025\/06\/DSC03179-1536x1152.jpg 1536w, https:\/\/www.paroissesaintgilles.be\/wp-content\/uploads\/2025\/06\/DSC03179-2048x1536.jpg 2048w\" sizes=\"auto, 100vw\" \/><\/a>\n\t\t\t<\/div>\n\t\t\t\t<figcaption class='wp-caption-text gallery-caption' id='gallery-1-8865'>\n\t\t\t\tYannick\n\t\t\t\t<\/figcaption><\/figure><figure class='gallery-item'>\n\t\t\t<div class='gallery-icon landscape'>\n\t\t\t\t<a href='https:\/\/www.paroissesaintgilles.be\/?attachment_id=8864'><img loading=\"lazy\" decoding=\"async\" width=\"525\" height=\"394\" src=\"https:\/\/www.paroissesaintgilles.be\/wp-content\/uploads\/2025\/06\/DSC03178-1024x768.jpg\" class=\"attachment-large size-large\" alt=\"\" srcset=\"https:\/\/www.paroissesaintgilles.be\/wp-content\/uploads\/2025\/06\/DSC03178-1024x768.jpg 1024w, https:\/\/www.paroissesaintgilles.be\/wp-content\/uploads\/2025\/06\/DSC03178-300x225.jpg 300w, https:\/\/www.paroissesaintgilles.be\/wp-content\/uploads\/2025\/06\/DSC03178-768x576.jpg 768w, https:\/\/www.paroissesaintgilles.be\/wp-content\/uploads\/2025\/06\/DSC03178-1536x1152.jpg 1536w, https:\/\/www.paroissesaintgilles.be\/wp-content\/uploads\/2025\/06\/DSC03178-2048x1536.jpg 2048w\" sizes=\"auto, 100vw\" \/><\/a>\n\t\t\t<\/div><\/figure><figure class='gallery-item'>\n\t\t\t<div class='gallery-icon landscape'>\n\t\t\t\t<a href='https:\/\/www.paroissesaintgilles.be\/?attachment_id=8863'><img loading=\"lazy\" decoding=\"async\" width=\"525\" height=\"416\" src=\"https:\/\/www.paroissesaintgilles.be\/wp-content\/uploads\/2025\/06\/DSC03177-scaled-e1750084370965-1024x812.jpg\" class=\"attachment-large size-large\" alt=\"\" srcset=\"https:\/\/www.paroissesaintgilles.be\/wp-content\/uploads\/2025\/06\/DSC03177-scaled-e1750084370965-1024x812.jpg 1024w, https:\/\/www.paroissesaintgilles.be\/wp-content\/uploads\/2025\/06\/DSC03177-scaled-e1750084370965-300x238.jpg 300w, https:\/\/www.paroissesaintgilles.be\/wp-content\/uploads\/2025\/06\/DSC03177-scaled-e1750084370965-768x609.jpg 768w, https:\/\/www.paroissesaintgilles.be\/wp-content\/uploads\/2025\/06\/DSC03177-scaled-e1750084370965-1536x1218.jpg 1536w, https:\/\/www.paroissesaintgilles.be\/wp-content\/uploads\/2025\/06\/DSC03177-scaled-e1750084370965.jpg 1920w\" sizes=\"auto, 100vw\" \/><\/a>\n\t\t\t<\/div><\/figure><figure class='gallery-item'>\n\t\t\t<div class='gallery-icon portrait'>\n\t\t\t\t<a href='https:\/\/www.paroissesaintgilles.be\/?attachment_id=8861'><img loading=\"lazy\" decoding=\"async\" width=\"525\" height=\"700\" src=\"https:\/\/www.paroissesaintgilles.be\/wp-content\/uploads\/2025\/06\/DSC03175-768x1024.jpg\" class=\"attachment-large size-large\" alt=\"\" aria-describedby=\"gallery-1-8861\" srcset=\"https:\/\/www.paroissesaintgilles.be\/wp-content\/uploads\/2025\/06\/DSC03175-768x1024.jpg 768w, https:\/\/www.paroissesaintgilles.be\/wp-content\/uploads\/2025\/06\/DSC03175-225x300.jpg 225w, https:\/\/www.paroissesaintgilles.be\/wp-content\/uploads\/2025\/06\/DSC03175-1152x1536.jpg 1152w, https:\/\/www.paroissesaintgilles.be\/wp-content\/uploads\/2025\/06\/DSC03175-1536x2048.jpg 1536w, https:\/\/www.paroissesaintgilles.be\/wp-content\/uploads\/2025\/06\/DSC03175-scaled.jpg 1920w\" sizes=\"auto, 100vw\" \/><\/a>\n\t\t\t<\/div>\n\t\t\t\t<figcaption class='wp-caption-text gallery-caption' id='gallery-1-8861'>\n\t\t\t\tThierry, pr\u00e9sident du conseil de fabrique\n\t\t\t\t<\/figcaption><\/figure><figure class='gallery-item'>\n\t\t\t<div class='gallery-icon portrait'>\n\t\t\t\t<a href='https:\/\/www.paroissesaintgilles.be\/?attachment_id=8862'><img loading=\"lazy\" decoding=\"async\" width=\"525\" height=\"700\" src=\"https:\/\/www.paroissesaintgilles.be\/wp-content\/uploads\/2025\/06\/DSC03176-768x1024.jpg\" class=\"attachment-large size-large\" alt=\"\" srcset=\"https:\/\/www.paroissesaintgilles.be\/wp-content\/uploads\/2025\/06\/DSC03176-768x1024.jpg 768w, https:\/\/www.paroissesaintgilles.be\/wp-content\/uploads\/2025\/06\/DSC03176-225x300.jpg 225w, https:\/\/www.paroissesaintgilles.be\/wp-content\/uploads\/2025\/06\/DSC03176-1152x1536.jpg 1152w, https:\/\/www.paroissesaintgilles.be\/wp-content\/uploads\/2025\/06\/DSC03176-1536x2048.jpg 1536w, https:\/\/www.paroissesaintgilles.be\/wp-content\/uploads\/2025\/06\/DSC03176-scaled.jpg 1920w\" sizes=\"auto, 100vw\" \/><\/a>\n\t\t\t<\/div><\/figure><figure class='gallery-item'>\n\t\t\t<div class='gallery-icon landscape'>\n\t\t\t\t<a href='https:\/\/www.paroissesaintgilles.be\/?attachment_id=8860'><img loading=\"lazy\" decoding=\"async\" width=\"525\" height=\"394\" src=\"https:\/\/www.paroissesaintgilles.be\/wp-content\/uploads\/2025\/06\/DSC03173-1024x768.jpg\" class=\"attachment-large size-large\" alt=\"\" srcset=\"https:\/\/www.paroissesaintgilles.be\/wp-content\/uploads\/2025\/06\/DSC03173-1024x768.jpg 1024w, https:\/\/www.paroissesaintgilles.be\/wp-content\/uploads\/2025\/06\/DSC03173-300x225.jpg 300w, https:\/\/www.paroissesaintgilles.be\/wp-content\/uploads\/2025\/06\/DSC03173-768x576.jpg 768w, https:\/\/www.paroissesaintgilles.be\/wp-content\/uploads\/2025\/06\/DSC03173-1536x1152.jpg 1536w, https:\/\/www.paroissesaintgilles.be\/wp-content\/uploads\/2025\/06\/DSC03173-2048x1536.jpg 2048w\" sizes=\"auto, 100vw\" \/><\/a>\n\t\t\t<\/div><\/figure><figure class='gallery-item'>\n\t\t\t<div class='gallery-icon landscape'>\n\t\t\t\t<a href='https:\/\/www.paroissesaintgilles.be\/?attachment_id=8857'><img loading=\"lazy\" decoding=\"async\" width=\"525\" height=\"394\" src=\"https:\/\/www.paroissesaintgilles.be\/wp-content\/uploads\/2025\/06\/DSC03169-1024x768.jpg\" class=\"attachment-large size-large\" alt=\"\" srcset=\"https:\/\/www.paroissesaintgilles.be\/wp-content\/uploads\/2025\/06\/DSC03169-1024x768.jpg 1024w, https:\/\/www.paroissesaintgilles.be\/wp-content\/uploads\/2025\/06\/DSC03169-300x225.jpg 300w, https:\/\/www.paroissesaintgilles.be\/wp-content\/uploads\/2025\/06\/DSC03169-768x576.jpg 768w, https:\/\/www.paroissesaintgilles.be\/wp-content\/uploads\/2025\/06\/DSC03169-1536x1152.jpg 1536w, https:\/\/www.paroissesaintgilles.be\/wp-content\/uploads\/2025\/06\/DSC03169-2048x1536.jpg 2048w\" sizes=\"auto, 100vw\" \/><\/a>\n\t\t\t<\/div><\/figure><figure class='gallery-item'>\n\t\t\t<div class='gallery-icon landscape'>\n\t\t\t\t<a href='https:\/\/www.paroissesaintgilles.be\/?attachment_id=8856'><img loading=\"lazy\" decoding=\"async\" width=\"525\" height=\"394\" src=\"https:\/\/www.paroissesaintgilles.be\/wp-content\/uploads\/2025\/06\/DSC03168-1024x768.jpg\" class=\"attachment-large size-large\" alt=\"\" aria-describedby=\"gallery-1-8856\" srcset=\"https:\/\/www.paroissesaintgilles.be\/wp-content\/uploads\/2025\/06\/DSC03168-1024x768.jpg 1024w, https:\/\/www.paroissesaintgilles.be\/wp-content\/uploads\/2025\/06\/DSC03168-300x225.jpg 300w, https:\/\/www.paroissesaintgilles.be\/wp-content\/uploads\/2025\/06\/DSC03168-768x576.jpg 768w, https:\/\/www.paroissesaintgilles.be\/wp-content\/uploads\/2025\/06\/DSC03168-1536x1152.jpg 1536w, https:\/\/www.paroissesaintgilles.be\/wp-content\/uploads\/2025\/06\/DSC03168-2048x1536.jpg 2048w\" sizes=\"auto, 100vw\" \/><\/a>\n\t\t\t<\/div>\n\t\t\t\t<figcaption class='wp-caption-text gallery-caption' id='gallery-1-8856'>\n\t\t\t\tYaick\n\t\t\t\t<\/figcaption><\/figure><figure class='gallery-item'>\n\t\t\t<div class='gallery-icon portrait'>\n\t\t\t\t<a href='https:\/\/www.paroissesaintgilles.be\/?attachment_id=8855'><img loading=\"lazy\" decoding=\"async\" width=\"525\" height=\"700\" src=\"https:\/\/www.paroissesaintgilles.be\/wp-content\/uploads\/2025\/06\/DSC03167-768x1024.jpg\" class=\"attachment-large size-large\" alt=\"\" aria-describedby=\"gallery-1-8855\" srcset=\"https:\/\/www.paroissesaintgilles.be\/wp-content\/uploads\/2025\/06\/DSC03167-768x1024.jpg 768w, https:\/\/www.paroissesaintgilles.be\/wp-content\/uploads\/2025\/06\/DSC03167-225x300.jpg 225w, https:\/\/www.paroissesaintgilles.be\/wp-content\/uploads\/2025\/06\/DSC03167-1152x1536.jpg 1152w, https:\/\/www.paroissesaintgilles.be\/wp-content\/uploads\/2025\/06\/DSC03167-1536x2048.jpg 1536w, https:\/\/www.paroissesaintgilles.be\/wp-content\/uploads\/2025\/06\/DSC03167-scaled.jpg 1920w\" sizes=\"auto, 100vw\" \/><\/a>\n\t\t\t<\/div>\n\t\t\t\t<figcaption class='wp-caption-text gallery-caption' id='gallery-1-8855'>\n\t\t\t\tMartin Bakole\n\t\t\t\t<\/figcaption><\/figure><figure class='gallery-item'>\n\t\t\t<div class='gallery-icon portrait'>\n\t\t\t\t<a href='https:\/\/www.paroissesaintgilles.be\/?attachment_id=8854'><img loading=\"lazy\" decoding=\"async\" width=\"525\" height=\"700\" src=\"https:\/\/www.paroissesaintgilles.be\/wp-content\/uploads\/2025\/06\/DSC03166-768x1024.jpg\" class=\"attachment-large size-large\" alt=\"\" aria-describedby=\"gallery-1-8854\" srcset=\"https:\/\/www.paroissesaintgilles.be\/wp-content\/uploads\/2025\/06\/DSC03166-768x1024.jpg 768w, https:\/\/www.paroissesaintgilles.be\/wp-content\/uploads\/2025\/06\/DSC03166-225x300.jpg 225w, https:\/\/www.paroissesaintgilles.be\/wp-content\/uploads\/2025\/06\/DSC03166-1152x1536.jpg 1152w, https:\/\/www.paroissesaintgilles.be\/wp-content\/uploads\/2025\/06\/DSC03166-1536x2048.jpg 1536w\" sizes=\"auto, 100vw\" \/><\/a>\n\t\t\t<\/div>\n\t\t\t\t<figcaption class='wp-caption-text gallery-caption' id='gallery-1-8854'>\n\t\t\t\tp\u00e8re Philippe Delaume, notre cur\u00e9\n\t\t\t\t<\/figcaption><\/figure><figure class='gallery-item'>\n\t\t\t<div class='gallery-icon landscape'>\n\t\t\t\t<a href='https:\/\/www.paroissesaintgilles.be\/?attachment_id=8852'><img loading=\"lazy\" decoding=\"async\" width=\"525\" height=\"394\" src=\"https:\/\/www.paroissesaintgilles.be\/wp-content\/uploads\/2025\/06\/DSC03164-1024x768.jpg\" class=\"attachment-large size-large\" alt=\"\" srcset=\"https:\/\/www.paroissesaintgilles.be\/wp-content\/uploads\/2025\/06\/DSC03164-1024x768.jpg 1024w, https:\/\/www.paroissesaintgilles.be\/wp-content\/uploads\/2025\/06\/DSC03164-300x225.jpg 300w, https:\/\/www.paroissesaintgilles.be\/wp-content\/uploads\/2025\/06\/DSC03164-768x576.jpg 768w, https:\/\/www.paroissesaintgilles.be\/wp-content\/uploads\/2025\/06\/DSC03164-1536x1152.jpg 1536w, https:\/\/www.paroissesaintgilles.be\/wp-content\/uploads\/2025\/06\/DSC03164-2048x1536.jpg 2048w\" sizes=\"auto, 100vw\" \/><\/a>\n\t\t\t<\/div><\/figure><figure class='gallery-item'>\n\t\t\t<div class='gallery-icon landscape'>\n\t\t\t\t<a href='https:\/\/www.paroissesaintgilles.be\/?attachment_id=8851'><img loading=\"lazy\" decoding=\"async\" width=\"525\" height=\"394\" src=\"https:\/\/www.paroissesaintgilles.be\/wp-content\/uploads\/2025\/06\/DSC03163-1024x768.jpg\" class=\"attachment-large size-large\" alt=\"\" srcset=\"https:\/\/www.paroissesaintgilles.be\/wp-content\/uploads\/2025\/06\/DSC03163-1024x768.jpg 1024w, https:\/\/www.paroissesaintgilles.be\/wp-content\/uploads\/2025\/06\/DSC03163-300x225.jpg 300w, https:\/\/www.paroissesaintgilles.be\/wp-content\/uploads\/2025\/06\/DSC03163-768x576.jpg 768w, https:\/\/www.paroissesaintgilles.be\/wp-content\/uploads\/2025\/06\/DSC03163-1536x1152.jpg 1536w, https:\/\/www.paroissesaintgilles.be\/wp-content\/uploads\/2025\/06\/DSC03163-2048x1536.jpg 2048w\" sizes=\"auto, 100vw\" \/><\/a>\n\t\t\t<\/div><\/figure><figure class='gallery-item'>\n\t\t\t<div class='gallery-icon landscape'>\n\t\t\t\t<a href='https:\/\/www.paroissesaintgilles.be\/?attachment_id=8850'><img loading=\"lazy\" decoding=\"async\" width=\"525\" height=\"394\" src=\"https:\/\/www.paroissesaintgilles.be\/wp-content\/uploads\/2025\/06\/DSC03162-1024x768.jpg\" class=\"attachment-large size-large\" alt=\"\" srcset=\"https:\/\/www.paroissesaintgilles.be\/wp-content\/uploads\/2025\/06\/DSC03162-1024x768.jpg 1024w, https:\/\/www.paroissesaintgilles.be\/wp-content\/uploads\/2025\/06\/DSC03162-300x225.jpg 300w, https:\/\/www.paroissesaintgilles.be\/wp-content\/uploads\/2025\/06\/DSC03162-768x576.jpg 768w, https:\/\/www.paroissesaintgilles.be\/wp-content\/uploads\/2025\/06\/DSC03162-1536x1152.jpg 1536w, https:\/\/www.paroissesaintgilles.be\/wp-content\/uploads\/2025\/06\/DSC03162-2048x1536.jpg 2048w\" sizes=\"auto, 100vw\" \/><\/a>\n\t\t\t<\/div><\/figure><figure class='gallery-item'>\n\t\t\t<div class='gallery-icon landscape'>\n\t\t\t\t<a href='https:\/\/www.paroissesaintgilles.be\/?attachment_id=8849'><img loading=\"lazy\" decoding=\"async\" width=\"525\" height=\"394\" src=\"https:\/\/www.paroissesaintgilles.be\/wp-content\/uploads\/2025\/06\/DSC03161-1024x768.jpg\" class=\"attachment-large size-large\" alt=\"\" aria-describedby=\"gallery-1-8849\" srcset=\"https:\/\/www.paroissesaintgilles.be\/wp-content\/uploads\/2025\/06\/DSC03161-1024x768.jpg 1024w, https:\/\/www.paroissesaintgilles.be\/wp-content\/uploads\/2025\/06\/DSC03161-300x225.jpg 300w, https:\/\/www.paroissesaintgilles.be\/wp-content\/uploads\/2025\/06\/DSC03161-768x576.jpg 768w, https:\/\/www.paroissesaintgilles.be\/wp-content\/uploads\/2025\/06\/DSC03161-1536x1152.jpg 1536w, https:\/\/www.paroissesaintgilles.be\/wp-content\/uploads\/2025\/06\/DSC03161-2048x1536.jpg 2048w\" sizes=\"auto, 100vw\" \/><\/a>\n\t\t\t<\/div>\n\t\t\t\t<figcaption class='wp-caption-text gallery-caption' id='gallery-1-8849'>\n\t\t\t\tE. Koch\n\t\t\t\t<\/figcaption><\/figure>\n\t\t<\/div>\n\n","protected":false},"excerpt":{"rendered":"<p>&nbsp; Notre vicaire s&rsquo;en va &#8230;\u00a0 pour \u00eatre vicaire \u00e0 Aywaille! Ce dimanche 15 juin, au cours d&rsquo;une messe en unit\u00e9 pastorale, les paroissiens lui ont dit au-revoir.\u00a0 Mais surtout &hellip; <\/p>\n<p class=\"link-more\"><a href=\"https:\/\/www.paroissesaintgilles.be\/?p=8843\" class=\"more-link\">Continuer la lecture<span class=\"screen-reader-text\"> de &laquo;&nbsp;Au revoir, Jean Claude !&nbsp;&raquo;<\/span><\/a><\/p>\n","protected":false},"author":1,"featured_media":8863,"comment_status":"closed","ping_status":"closed","sticky":false,"template":"","format":"standard","meta":{"_crdt_document":"","footnotes":""},"categories":[1],"tags":[],"class_list":["post-8843","post","type-post","status-publish","format-standard","has-post-thumbnail","hentry","category-uncategorized"],"_links":{"self":[{"href":"https:\/\/www.paroissesaintgilles.be\/index.php?rest_route=\/wp\/v2\/posts\/8843","targetHints":{"allow":["GET"]}}],"collection":[{"href":"https:\/\/www.paroissesaintgilles.be\/index.php?rest_route=\/wp\/v2\/posts"}],"about":[{"href":"https:\/\/www.paroissesaintgilles.be\/index.php?rest_route=\/wp\/v2\/types\/post"}],"author":[{"embeddable":true,"href":"https:\/\/www.paroissesaintgilles.be\/index.php?rest_route=\/wp\/v2\/users\/1"}],"replies":[{"embeddable":true,"href":"https:\/\/www.paroissesaintgilles.be\/index.php?rest_route=%2Fwp%2Fv2%2Fcomments&post=8843"}],"version-history":[{"count":10,"href":"https:\/\/www.paroissesaintgilles.be\/index.php?rest_route=\/wp\/v2\/posts\/8843\/revisions"}],"predecessor-version":[{"id":8910,"href":"https:\/\/www.paroissesaintgilles.be\/index.php?rest_route=\/wp\/v2\/posts\/8843\/revisions\/8910"}],"wp:featuredmedia":[{"embeddable":true,"href":"https:\/\/www.paroissesaintgilles.be\/index.php?rest_route=\/wp\/v2\/media\/8863"}],"wp:attachment":[{"href":"https:\/\/www.paroissesaintgilles.be\/index.php?rest_route=%2Fwp%2Fv2%2Fmedia&parent=8843"}],"wp:term":[{"taxonomy":"category","embeddable":true,"href":"https:\/\/www.paroissesaintgilles.be\/index.php?rest_route=%2Fwp%2Fv2%2Fcategories&post=8843"},{"taxonomy":"post_tag","embeddable":true,"href":"https:\/\/www.paroissesaintgilles.be\/index.php?rest_route=%2Fwp%2Fv2%2Ftags&post=8843"}],"curies":[{"name":"wp","href":"https:\/\/api.w.org\/{rel}","templated":true}]}}