{"id":4952,"date":"2021-07-09T12:25:14","date_gmt":"2021-07-09T10:25:14","guid":{"rendered":"https:\/\/www.paroissesaintgilles.be\/?p=4952"},"modified":"2025-10-25T23:29:23","modified_gmt":"2025-10-25T21:29:23","slug":"mon-fils-fille-voudrait-faire-sa-premiere-communion-entree-en-communion","status":"publish","type":"post","link":"https:\/\/www.paroissesaintgilles.be\/?p=4952","title":{"rendered":"CATECHISME Mon fils, fille voudrait \u00ab\u00a0faire sa premi\u00e8re communion\u00a0\u00bb en mai    2026 :  DU CATECHISME!"},"content":{"rendered":"<p><a href=\"http:\/\/www.paroissesaintgilles.be\/wp-content\/uploads\/2022\/11\/inscription-fiche-individuelle-octobre-20224 et 2025.pdf\">inscription fiche individuelle <\/a>\u00ab\u00a0Faire sa premi\u00e8re communion\u00a0\u00bb;\u00a0 Ce n&rsquo;est pas rien!<span style=\"font-size: 1rem;\">! Bien! C&rsquo;est le d\u00e9but d&rsquo;une relation privil\u00e9gi\u00e9e entre le Seigneur J\u00e9sus\u00a0 et quelqu&rsquo;un -enfant, jeune, ou adulte-<\/span><!--more--><\/p>\n<p>Une Relation &#8230; et donc le d\u00e9but d&rsquo;une formidable Aventure !\u00a0 La paroisse voisine (Saint Fran\u00e7ois de Sales),\u00a0 parle\u00a0 d&rsquo;ailleurs d<strong>&lsquo;Entr\u00e9e en communion\u00a0\u00bb&#8230;<\/strong><\/p>\n<p>Toute relation , quelle qu&rsquo;elle soit, commence par une p\u00e9riode de d\u00e9couverte de l&rsquo;autre! &#8230; L&rsquo;entr\u00e9e en communion d\u00e9bute donc par une -parfois deux ann\u00e9es de c<span style=\"text-decoration: underline;\">at\u00e9chis<\/span>me, en fonction de l&rsquo;\u00e2ge et de la maturit\u00e9 de chaque enfant.<\/p>\n<p><span style=\"color: #008080;\"><strong>QUAND?<\/strong><\/span><\/p>\n<p><strong>A<span style=\"text-decoration: underline;\"> partir<\/span> de<\/strong> la 2\u00e8me ann\u00e9e primaire , pour que\u00a0 l&rsquo;enfant sache lire,\u00a0 se d\u00e9brouiller dans son livre-cahier.\u00a0 \u00a0Mais de plus en plus, les enfants communient pour la premi\u00e8re fois\u00a0 plus tard, entre la 2\u00e8 et la 6\u00e8me, en fonction de leur maturit\u00e9, &#8230; ou de le leur place dans la fratrie :\u00a0 Il n<span style=\"text-decoration: underline;\">&lsquo;y a pas de r\u00e8gle<\/span> :\u00a0 L&rsquo;important est que l&rsquo;\u00e9v\u00e9nement soit pris au s\u00e9rieux et pr\u00e9par\u00e9 dans de bonnes conditions.<\/p>\n<p>R<strong><span style=\"color: #ff0000;\">entr\u00e9e de\u00a0 \u00a0septembre 2025<\/span><\/strong><strong style=\"font-size: 1rem;\"><span style=\"color: #ff0000;\">:\u00a0 <\/span><\/strong><span style=\"color: #000000; font-size: 1rem;\">Les inscripions sont d\u00e9j\u00e0 ouvertes pour la paroisse saint-Gilles :\u00a0 Compl\u00e9ter la f<a href=\"https:\/\/www.paroissesaintgilles.be\/?p=4952\" target=\"_blank\" rel=\"noopener\">iche,<\/a> et envoyez-la fi<a href=\"https:\/\/www.paroissesaintgilles.be\/?p=4952\" target=\"_blank\" rel=\"noopener\"><span style=\"text-decoration: underline;\">che d&rsquo;inscription<\/span> <\/a>et me l&rsquo;envoyer l <span style=\"text-decoration: underline;\">par mail,<\/span> en indiquant comme <em>objet :\u00a0\u00bb\u00a0\u00bbcat\u00e9chisme\u00a0\u00bb<\/em><\/span><\/p>\n<p><span style=\"color: #000000;\">r<span style=\"color: #ff0000;\"><strong>\u00e9union d&rsquo;information\u00a0 pour les parent<\/strong>s<\/span><\/span> (enfants admis)<\/p>\n<p>le dimanche 5 octobre, \u00e0 9h.30 pr\u00e9cises, \u00e0 l&rsquo;\u00e9glise Saint-Nicolas, rur f.Ferrer\u00a0 Saint-Nicolas. La petite r\u00e9union sera suivie par la messe des familles, avec les autres enfants de &lsquo;UP.<\/p>\n<p>&nbsp;<\/p>\n<p>&nbsp;<\/p>\n<p>&nbsp;<\/p>\n<p>&nbsp;<\/p>\n<p>&nbsp;<\/p>\n<p><em><span style=\"color: #000000;\">CHOISIR SA PAROISSE!\u00a0<\/span><\/em><\/p>\n<p>De plus en plus souvent,\u00a0 il arrive que les parents pr\u00e9f\u00e8rent reporter cet acte important \u00e0 plus tard :\u00a0 Cela ne pose aucun probl\u00e8me :\u00a0 mais attention, n\u00e9anmoins, au d\u00e9calage qui pourrait exister entre un en enfant de 7 ans et un pr\u00e9adolescent de 11 ans !.\u00a0 En cas d&rsquo;h\u00e9sitation, en r\u00e9f\u00e9rer \u00e0 m. le cur\u00e9, le p\u00e8re Philippe Philippe Delaume,ou \u00e0 Claire Chauss\u00e9e, coordinatrice cat\u00e9, ou encore \u00e0 Speciosa, cat\u00e9chiste des premi\u00e8res communions<\/p>\n<p><span style=\"color: #333333;\"><strong>S&rsquo;INSCRIRE? Dans notre unit\u00e9 pastorale\u00a0 \u00ab\u00a0Li\u00e8ge-Hauteurs\u00a0\u00bb, <\/strong>3 paroisses organisent du cat\u00e9chisme qui pr\u00e9pare \u00e0 la premi\u00e8re communion :\u00a0 St-Nicolas, St-Gilles et St-Fran\u00e7ois de Dales : M\u00eame contenu, m\u00eame Seigneur, mais une organisation, yn rythme et des horaires diff\u00e9rents. Le conseil de l&rsquo;UP a d\u00e9cid\u00e9 que les parents avaien<strong>t le choix !\u00a0<\/strong><\/span><\/p>\n<h1><span style=\"color: #008080;\"><strong>A SAINT-GILLES<\/strong><\/span><\/h1>\n<p>Commencer par compl\u00e9ter la fiche en lien \u00ab\u00a0fiche individuelle\u00a0\u00bb, <span style=\"text-decoration: underline;\">y compris<\/span> la ligne relative au bapt\u00eame !,<\/p>\n<p>Ensuite, venez \u00e0 la r\u00e9union des parents, organis\u00e9e en septembre :\u00a0 vous pourrez rendre l&rsquo;inscription \u00e0 et la faire rendre \u00e0\u00a0 .<a href=\"http:\/\/www.paroissesaintgilles.be\/?page_id=17\" target=\"_blank\" rel=\"noopener\">Claire Chausssee<\/a> , coordinatrice du cat\u00e9, et vous aurez l&rsquo;occasion de rencontrer m. le cur\u00e9 et les cat\u00e9chistes&#8230; et dd\u00e9couvrir le local \u00ab\u00a0cat\u00e9\u00a0\u00bb!<\/p>\n<p>Fiche individuelle d&rsquo;inscription, \u00e0 renvoyer \u00e0 Claire Chauss\u00e9e :<\/p>\n<figure id=\"attachment_3405\" aria-describedby=\"caption-attachment-3405\" style=\"width: 474px\" class=\"wp-caption alignright\"><img loading=\"lazy\" decoding=\"async\" class=\" wp-image-3405\" src=\"http:\/\/www.paroissesaintgilles.be\/wp-content\/uploads\/2019\/11\/P1430423-1024x768.jpg\" alt=\"\" width=\"474\" height=\"356\" srcset=\"https:\/\/www.paroissesaintgilles.be\/wp-content\/uploads\/2019\/11\/P1430423-1024x768.jpg 1024w, https:\/\/www.paroissesaintgilles.be\/wp-content\/uploads\/2019\/11\/P1430423-300x225.jpg 300w, https:\/\/www.paroissesaintgilles.be\/wp-content\/uploads\/2019\/11\/P1430423-768x576.jpg 768w\" sizes=\"auto, (max-width: 474px) 100vw, 474px\" \/><figcaption id=\"caption-attachment-3405\" class=\"wp-caption-text\">messe de rentr\u00e9e cat\u00e9 202019 \u00ab\u00a0Colle ta main sur le c\u0153ur de J\u00e9sus!\u00a0\u00bb<\/figcaption><\/figure>\n<p>&nbsp;<\/p>\n<p>&nbsp;<\/p>\n<p>&nbsp;<\/p>\n<p>&nbsp;<\/p>\n<p>&nbsp;<\/p>\n<p>&nbsp;<\/p>\n<p>&nbsp;<\/p>\n<p>&nbsp;<\/p>\n<p><span style=\"color: #ff0000;\">l<\/span><\/p>\n<h1><span style=\"color: #008080;\"><span style=\"color: #333333;\">C<strong><span style=\"color: #00ccff;\">ONCR<\/span><span style=\"color: #00ccff;\">ETEMENT<\/span><span style=\"color: #00ccff;\">, LE CATE, <span style=\"color: #3366ff;\">A<span style=\"color: #008080;\"> SAINT-GILLES<\/span><\/span>, <\/span><\/strong><span style=\"color: #00ccff;\"><span style=\"color: #333333;\">C<\/span><\/span><span style=\"color: #00ccff;\"><span style=\"color: #333333;\">ELA SE PASSE COMMENT?<\/span><\/span><\/span><\/span><\/h1>\n<p>Les rencontres des cat\u00e9chisme ont lieu <strong>\u00e0 peu pr\u00e8s<\/strong>\u00a0 c<span style=\"text-decoration: underline;\">haque semaine, le dimanche matin,<\/span>\u00a0 \u00e0 9h.30<strong> au presbyt\u00e8r<\/strong>e, \u00e0 c\u00f4t\u00e9 de l&rsquo;\u00e9glise (cour Saint-Gilles, n\u00b0 28, face \u00e0 la la cour de l&rsquo;\u00e9cole primaire);\u00a0 le dimanche matin, avec 1 ou 2\u00a0 cat\u00e9chistes.<\/p>\n<p>Jamais en vacances scolaires, ni le 1er WE du mois :\u00a0 Ce WE l\u00e0, les enfants participent \u00e0 la messe pour les enfants \u00e0 l&rsquo;\u00e9glise Saint-Nicolas.<\/p>\n<p><em>Au programme<\/em> : A l&rsquo;aide d&rsquo;un livre-cahier (offert par la paroisse), d\u00e9couverte de J\u00e9sus et de sa vie, explication de l&rsquo;\u00e9vangile de ce\u00a0 dimanche -l\u00e0, chants, \u2026<br \/>\nVers le milieu de la rencontre de cat\u00e9, Apr\u00e8s le KT, tous vont \u00e0 l&rsquo;\u00e9glise, juste \u00e0 c\u00f4t\u00e9, rejoindre les paroissiens pour la fin de la messe dominicale.<\/p>\n<p><em>La c\u00e9l\u00e9bration de la premi\u00e8re communion communion<\/em>\u00bb a lieu \u00e0 l&rsquo;Ascension de la m\u00eame ann\u00e9e.<\/p>\n<p>Il est \u00e9videmment demand\u00e9 aux enfants et \u00e0 leur famille\u00a0 de participer aux messes de No\u00ebl, de P\u00e2ques et\u2013ce qui est normal pour des enfants qui se pr\u00e9parent \u00e0 une premi\u00e8re communion\u2013 \u00e0 la comm\u00e9moration de la derni\u00e8re c\u00e8ne, le jeudi saint.<\/p>\n<p>L<span style=\"text-decoration: underline;\">e\u00a0 premier dimanche du mois<\/span>, les enfants de Saint-Gilles sont invit\u00e9s par ceux de Saint-Nicolas \u00e0 participer \u00e0 la messe des enfants \u00e0 l&rsquo;\u00e9glise de St-Nicolas, rue Fr Ferrer.<\/p>\n<p>&nbsp;<\/p>\n<p>&nbsp;<\/p>\n<p>Nous demandons instamment aux responsables des enfants de p<span style=\"text-decoration: underline;\">r\u00e9venir <\/span>Claire (0478\/19 01 04 ou Speciosa (0494\/40 58 24) en cas de retard ou d&rsquo;absence !<\/p>\n<h3>I<strong><span style=\"color: #ff0000;\">nscriptions tardives<\/span><\/strong>\u00a0 Vous avez loup\u00e9 la r\u00e9union de parents?\u00a0 Speciosa accepte les inscriptions jusque la Toussaint (1er novembre) : Mais il faudra rattraper le retard ! Contactez Claire ou Speciosa.<\/h3>\n<p>&nbsp;<\/p>\n<h2>L<span style=\"color: #00ccff;\"><strong>E PLANNING DES RENCONTRES\u00a0<\/strong><\/span><a style=\"font-size: 1.25rem;\" href=\"http:\/\/www.paroissesaintgilles.be\/wp-content\/uploads\/2021\/07\/CATECHISME-POUR-LA-PREMIERE-COMMUNION.pdf\">ATECHISME POUR LA PREMIERE COMMUNION :\u00a0 cliquez:<\/a><\/h2>\n<p>septembre 2024-2025 planning cat\u00e9ch\u00e8se 2024-2025<\/p>\n<p>I<span style=\"color: #993300;\"><strong>NSCRIPTIONS POSSIBLES POUR L&rsquo;ANNE PROCHAINE 2025\/2026 (<\/strong><\/span>communions en mai 2026 :&#8212;&gt; utiliser la, fiche ci-dessus, ou mail \u00e0 Claire haussee (! objet :\u00a0 cat\u00e9chisme 2026 fiche d&rsquo;inscription 2025:\u00a0 Vous recevrez en septembre l&rsquo;invitation \u00e0 la r\u00e9union d&rsquo;information !<\/p>\n<p><span style=\"color: #008080;\"><strong>DEJA\u2026<\/strong><\/span><\/p>\n<p>A Saint-Gilles, nous consid\u00e9rons s&rsquo;inscrire son enfant au cat\u00e9chisme est un <strong><span style=\"text-decoration: underline;\">engagement<\/span><\/strong> &#8230; des parents et de l&rsquo;enfant vis \u00e0 vis de la cat\u00e9chiste,\u00a0 \u00a0des autres adultes et du groupe des enfants : D&rsquo;exp\u00e9rience, <strong>nous exigerons<\/strong> donc une <strong>pr\u00e9sence r\u00e9guli\u00e8re aux rencontres du cat\u00e9,<\/strong> tout en comprenant tr\u00e8s bien ce que le cat\u00e9 peut avoir de contraignant le dimanche matin !<\/p>\n<h1><strong><span style=\"color: #008080;\">A SAINT-NICOLAS:<\/span><\/strong><\/h1>\n<p>&nbsp;<\/p>\n<p><a href=\"http:\/\/www.paroissesaintgilles.be\/wp-content\/uploads\/2021\/07\/CATE-ST-NICOLAS.jpeg\"><img loading=\"lazy\" decoding=\"async\" class=\"alignleft wp-image-9200 size-large\" src=\"http:\/\/www.paroissesaintgilles.be\/wp-content\/uploads\/2021\/07\/CATE-ST-NICOLAS-701x1024.jpeg\" alt=\"\" width=\"525\" height=\"767\" srcset=\"https:\/\/www.paroissesaintgilles.be\/wp-content\/uploads\/2021\/07\/CATE-ST-NICOLAS-701x1024.jpeg 701w, https:\/\/www.paroissesaintgilles.be\/wp-content\/uploads\/2021\/07\/CATE-ST-NICOLAS-205x300.jpeg 205w, https:\/\/www.paroissesaintgilles.be\/wp-content\/uploads\/2021\/07\/CATE-ST-NICOLAS-768x1121.jpeg 768w, https:\/\/www.paroissesaintgilles.be\/wp-content\/uploads\/2021\/07\/CATE-ST-NICOLAS.jpeg 785w\" sizes=\"auto, (max-width: 525px) 100vw, 525px\" \/><\/a><\/p>\n<p>&nbsp;<\/p>\n<h3>contacter l&rsquo;assistante paroissiale, madame Saviera di T0471\/953193). \u00e0 partir de septembre.<\/h3>\n<p><strong><span style=\"color: #ff0000;\">2024 :R\u00e9union d&rsquo;in 15h. l&rsquo;\u00e9glise St-Nicolas.<\/span><\/strong><\/p>\n<p>&nbsp;<\/p>\n<p>CONCRETEMENT : 1 mercredi tous les 15 jours de 15h. \u00e0 16h.30 + rencontres importantes (f\u00eates)<\/p>\n<p>1er dimanche du mois :\u00a0 Eucharistie pour les enfants (de St-Nicolas et St-Gilles ) ET accueil des plus petits pour une animation adapt\u00e9e dans la sacristie.<\/p>\n","protected":false},"excerpt":{"rendered":"<p>inscription fiche individuelle \u00ab\u00a0Faire sa premi\u00e8re communion\u00a0\u00bb;\u00a0 Ce n&rsquo;est pas rien!! Bien! C&rsquo;est le d\u00e9but d&rsquo;une relation privil\u00e9gi\u00e9e entre le Seigneur J\u00e9sus\u00a0 et quelqu&rsquo;un -enfant, jeune, ou adulte-<\/p>\n","protected":false},"author":1,"featured_media":0,"comment_status":"closed","ping_status":"closed","sticky":false,"template":"","format":"standard","meta":{"_crdt_document":"","footnotes":""},"categories":[11],"tags":[],"class_list":["post-4952","post","type-post","status-publish","format-standard","hentry","category-faire-vivre-sa-foi"],"_links":{"self":[{"href":"https:\/\/www.paroissesaintgilles.be\/index.php?rest_route=\/wp\/v2\/posts\/4952","targetHints":{"allow":["GET"]}}],"collection":[{"href":"https:\/\/www.paroissesaintgilles.be\/index.php?rest_route=\/wp\/v2\/posts"}],"about":[{"href":"https:\/\/www.paroissesaintgilles.be\/index.php?rest_route=\/wp\/v2\/types\/post"}],"author":[{"embeddable":true,"href":"https:\/\/www.paroissesaintgilles.be\/index.php?rest_route=\/wp\/v2\/users\/1"}],"replies":[{"embeddable":true,"href":"https:\/\/www.paroissesaintgilles.be\/index.php?rest_route=%2Fwp%2Fv2%2Fcomments&post=4952"}],"version-history":[{"count":62,"href":"https:\/\/www.paroissesaintgilles.be\/index.php?rest_route=\/wp\/v2\/posts\/4952\/revisions"}],"predecessor-version":[{"id":9201,"href":"https:\/\/www.paroissesaintgilles.be\/index.php?rest_route=\/wp\/v2\/posts\/4952\/revisions\/9201"}],"wp:attachment":[{"href":"https:\/\/www.paroissesaintgilles.be\/index.php?rest_route=%2Fwp%2Fv2%2Fmedia&parent=4952"}],"wp:term":[{"taxonomy":"category","embeddable":true,"href":"https:\/\/www.paroissesaintgilles.be\/index.php?rest_route=%2Fwp%2Fv2%2Fcategories&post=4952"},{"taxonomy":"post_tag","embeddable":true,"href":"https:\/\/www.paroissesaintgilles.be\/index.php?rest_route=%2Fwp%2Fv2%2Ftags&post=4952"}],"curies":[{"name":"wp","href":"https:\/\/api.w.org\/{rel}","templated":true}]}}