{"id":4803,"date":"2021-05-02T15:30:28","date_gmt":"2021-05-02T13:30:28","guid":{"rendered":"https:\/\/www.paroissesaintgilles.be\/?p=4803"},"modified":"2022-10-04T19:11:05","modified_gmt":"2022-10-04T17:11:05","slug":"vous-etes-un-sympathisant-de-la-paroisse-saint-gilles","status":"publish","type":"post","link":"https:\/\/www.paroissesaintgilles.be\/?p=4803","title":{"rendered":"Vous  \u00eates un sympathisant de la paroisse Saint-Gilles? Abonnez-vous!"},"content":{"rendered":"<h1><\/h1>\n<p><strong>si le clocher saint saint-gillois vous manque&#8230;<\/strong><!--more--><\/p>\n<p>Si vous avez d\u00e9m\u00e9nag\u00e9, ou vous avez \u00e9t\u00e9 contraint de vous \u00e9loigner du clocher de Saint-Gilles pour l&rsquo;une ou l&rsquo;autre raison,ou encore&#8230;vous trouvez la paroisse et ses paroissiens sympas?<\/p>\n<p>r<strong>estez inform\u00e9, malgr\u00e9 tout!<\/strong><\/p>\n<p>Il est possible de rester inform\u00e9 de ce qui se passe chez nous par le bulletin paroissial!<\/p>\n<p><strong><em>\u00ab\u00a0De saint-Gilles et d\u2019autres choses\u00a0\u00bb <\/em><\/strong><\/p>\n<p>tous les eux mois, sauf p\u00e9riode de vacances estivales, et tente, en une quinzaine de pages, , de rendre compte de out ce qui concerne la vie paroissiale .\u00a0 \u00a0Il se compose des rubriques suivantes :<\/p>\n<p>-Dans le\u00a0\u00bb r\u00e9troviseur\u00a0\u00bb : La chronique de la vie paroissiale;\u00a0 Le compte rendu des derniers \u00e9v\u00e9nements importants-ou non-<\/p>\n<p>-Le patrimoine de l&rsquo;\u00e9glise :\u00a0 fr\u00e9quenter le m\u00eame lieu, chaque semaine, depuis des ann\u00e9es, ne permet pas toujours d&rsquo;en appr\u00e9cier les richesses cach\u00e9es&#8230;;<\/p>\n<p>-lignes de vie (bapt\u00eames et d\u00e9c\u00e8s); les petites nouvelles plus terre \u00e0 terre de la communaut\u00e9;<\/p>\n<p>-agenda,<\/p>\n<p>un billet de r\u00e9flexion spirituelle.<\/p>\n<p>Cette brochure sans pr\u00e9tention aucune, est l&rsquo;ouvre d&rsquo;une \u00e9quipe :<\/p>\n<p>Claire r\u00e9dige, Anne et Philippe\u00a0 s\u2019occupent de la r\u00e9alisation technique; et d&rsquo;autres membres de l&rsquo;\u00e9quipe paroissiale se r\u00e9partissent la distribution.<\/p>\n<p>Int\u00e9ress\u00e9e? Il n&rsquo;y a pas d&rsquo;abonnement \u00e0 proprement parler, puisque c&rsquo;est gratuit!) mais faites-vous conna\u00eetre \u00e0<a href=\"https:\/\/www.paroissesaintgilles.be\/?page_id=17\"> Claire chauss\u00e9e<\/a> : On vous ajoutera \u00e0 notre tourn\u00e9e&#8230;\u00a0 lu \u00e0 notre liste de destinataires postaux, si vous r\u00e9sidez au-del\u00e0 de notre rayon de distribution. Nous vous demanderons alors une participation aux frais d&rsquo;exp\u00e9dition.<\/p>\n","protected":false},"excerpt":{"rendered":"<p>si le clocher saint saint-gillois vous manque&#8230;<\/p>\n","protected":false},"author":1,"featured_media":0,"comment_status":"closed","ping_status":"closed","sticky":false,"template":"","format":"standard","meta":{"_crdt_document":"","footnotes":""},"categories":[8],"tags":[],"class_list":["post-4803","post","type-post","status-publish","format-standard","hentry","category-une-paroisse-qui-vit"],"_links":{"self":[{"href":"https:\/\/www.paroissesaintgilles.be\/index.php?rest_route=\/wp\/v2\/posts\/4803","targetHints":{"allow":["GET"]}}],"collection":[{"href":"https:\/\/www.paroissesaintgilles.be\/index.php?rest_route=\/wp\/v2\/posts"}],"about":[{"href":"https:\/\/www.paroissesaintgilles.be\/index.php?rest_route=\/wp\/v2\/types\/post"}],"author":[{"embeddable":true,"href":"https:\/\/www.paroissesaintgilles.be\/index.php?rest_route=\/wp\/v2\/users\/1"}],"replies":[{"embeddable":true,"href":"https:\/\/www.paroissesaintgilles.be\/index.php?rest_route=%2Fwp%2Fv2%2Fcomments&post=4803"}],"version-history":[{"count":6,"href":"https:\/\/www.paroissesaintgilles.be\/index.php?rest_route=\/wp\/v2\/posts\/4803\/revisions"}],"predecessor-version":[{"id":6040,"href":"https:\/\/www.paroissesaintgilles.be\/index.php?rest_route=\/wp\/v2\/posts\/4803\/revisions\/6040"}],"wp:attachment":[{"href":"https:\/\/www.paroissesaintgilles.be\/index.php?rest_route=%2Fwp%2Fv2%2Fmedia&parent=4803"}],"wp:term":[{"taxonomy":"category","embeddable":true,"href":"https:\/\/www.paroissesaintgilles.be\/index.php?rest_route=%2Fwp%2Fv2%2Fcategories&post=4803"},{"taxonomy":"post_tag","embeddable":true,"href":"https:\/\/www.paroissesaintgilles.be\/index.php?rest_route=%2Fwp%2Fv2%2Ftags&post=4803"}],"curies":[{"name":"wp","href":"https:\/\/api.w.org\/{rel}","templated":true}]}}